{"id":526,"date":"2025-03-10T10:32:48","date_gmt":"2025-03-10T09:32:48","guid":{"rendered":"https:\/\/funoc.be\/?p=526"},"modified":"2025-03-10T10:32:48","modified_gmt":"2025-03-10T09:32:48","slug":"inauguration-de-notre-creche-les-djones-de-la-digue","status":"publish","type":"post","link":"https:\/\/funoc.be\/?p=526","title":{"rendered":"Inauguration de notre cr\u00e8che \u00ab\u00a0Les Dj\u00f4nes de la Digue\u00a0\u00bb"},"content":{"rendered":"\n<p><strong>La FUNOC est fi\u00e8re de vous annoncer l\u2019inauguration officielle de sa cr\u00e8che, enti\u00e8rement r\u00e9nov\u00e9e et repens\u00e9e. Vous la connaissez peut-\u00eatre sous le nom de \u00ab&nbsp;La Caravelle&nbsp;\u00bb, notre lieu d\u2019accueil de la Digue accueille en permanence une trentaine d\u2019enfants depuis plusieurs dizaines d\u2019ann\u00e9es. Ceci, afin de permettre \u00e0 leurs parents, stagiaires \u00e0 la FUNOC, de suivre leur formation en toute s\u00e9r\u00e9nit\u00e9.<\/strong><\/p>\n\n\n\n<p>Mais elle commen\u00e7ait \u00e0 se faire vieille la Caravelle, elle avait bien besoin d\u2019une nouvelle jeunesse, d\u2019un petit coup de frais. Tant qu\u2019\u00e0 faire, notre directeur, Thierry Tournoy, a d\u00e9cid\u00e9 de faire les choses en grand, appuy\u00e9 par ses \u00e9quipes. C\u2019est donc la visite d\u2019une cr\u00e8che enti\u00e8rement remise \u00e0 neuf que nous vous proposons. Tour du propri\u00e9taire (en silence et sans tutu s\u2019il vous pla\u00eet) \u2026<\/p>\n\n\n\n<p><strong>R\u00e9novation<\/strong><\/p>\n\n\n\n<p>Plus qu\u2019un simple coup de frais, plus qu\u2019une simple mise aux normes (exig\u00e9es par le nouveau d\u00e9cret), c\u2019est une v\u00e9ritable transformation qu\u2019a subi, feu la Caravelle (on vous explique plus loin). La structure elle-m\u00eame a \u00e9t\u00e9 repens\u00e9e, les espaces red\u00e9finis et le fonctionnement optimis\u00e9, comme nous l\u2019explique Julien Duval, l\u2019architecte en charge du chantier&nbsp;: \u00ab&nbsp;<em>le projet de r\u00e9novation de la cr\u00e8che FUNOC situ\u00e9e en plein centre-ville de Charleroi repose sur une ambition forte : cr\u00e9er un environnement apaisant et naturel au sein d&rsquo;un cadre urbain dense. Conscients des enjeux du bien-\u00eatre des enfants, nous avons con\u00e7u un am\u00e9nagement int\u00e9rieur qui s&rsquo;inspire de la nature pour offrir un espace s\u00e9curisant et stimulant.<\/em>&nbsp;\u00bb.<\/p>\n\n\n\n<p>Si cela ne suffisait pas, la d\u00e9coration a aussi \u00e9t\u00e9 compl\u00e8tement refaite. Notre directeur, Thierry Tournoy souhaitait effectivement \u00ab&nbsp;<em>privil\u00e9gier un lieu vivant, un lieu lumineux \u00e0 la d\u00e9coration contemporaine. L\u2019id\u00e9e a vraiment \u00e9t\u00e9 d\u2019apporter une grosse touche de couleur et de vitalit\u00e9 \u00e0 la Ville Basse \u00e0 travers les enfants. Je pense que les \u00ab&nbsp;dj\u00f4nes&nbsp;\u00bb vont adorer ce nouveau lieu. Personnellement, je suis s\u00fbr que j\u2019aurais craqu\u00e9 pour la petite passerelle qui va donner sur la cour int\u00e9rieure.<\/em>&nbsp;\u00bb.<\/p>\n\n\n\n<p><strong>Nouvelle identit\u00e9<\/strong><\/p>\n\n\n\n<p>Un tel chantier, une telle nouveaut\u00e9 se devait d\u2019\u00eatre bien pr\u00e9sent\u00e9e. C\u2019est pourquoi le service de communication a enti\u00e8rement revu l\u2019image de la cr\u00e8che tandis que les \u00e9quipes se sont amus\u00e9es \u00e0 lui trouver un nouveau nom. Attention bapt\u00eame&nbsp;: Les Dj\u00f4nes de Digue, un sobriquet sympathique et bien carolo, l\u00e9g\u00e8rement d\u00e9cal\u00e9 et ancr\u00e9 localement. Quant au nouveau logo, le Charg\u00e9 de com\u2019 de la FUNOC explique \u00ab&nbsp;qu\u2019<em>il a voulu m\u00e9langer l\u2019univers des bambins et celui de la Sambre (pour rappeler la Digue), tout en restant dans la lign\u00e9e des productions actuelles de la FUNOC. R\u00e9sultat&nbsp;: un logo contemporain qui rappelle \u00e0 la fois les couches de b\u00e9b\u00e9 et les flots du canal.<\/em>&nbsp;\u00bb<\/p>\n\n\n\n<p><strong>Ouverture vers l\u2019ext\u00e9rieur<\/strong><\/p>\n\n\n\n<p>Autrefois r\u00e9serv\u00e9e prioritairement aux stagiaires de la FUNOC, la cr\u00e8che va s\u2019ouvrir aux enfants du quartier. Ceci, pour d\u00e9sengorger les autres structures mais aussi, et surtout, pour \u00e9tablir un lien nouveau avec le quartier. Depuis 2 ans, la FUNOC cherche \u00e0 r\u00e9affirmer sa place \u00e0 part enti\u00e8re comme acteur social \u00e0 Charleroi. Par cette d\u00e9marche, la direction de la FUNOC souhaite tendre la main \u00e0 ses voisins et r\u00e9affirmer sa volont\u00e9 farouche d\u2019avoir un impact r\u00e9el aupr\u00e8s de la population carolo. Thierry Tournoy (le directeur) confie&nbsp;: \u00ab&nbsp;Nous faisons tout notre possible pour faciliter la vie de nos stagiaires. La cr\u00e8che, ce n\u2019est pas seulement un lieu, c\u2019est aussi un encadrement via le soutien \u00e0 la parentalit\u00e9. Aujourd\u2019hui, nous avons voulu aller encore plus loin et nous ouvrir au quartier. Car malheureusement, nous n\u2019avons pas l\u2019exclusivit\u00e9 de la mis\u00e8re. La FUNOC a un r\u00f4le \u00e0 jouer aupr\u00e8s de ses voisins.&nbsp;\u00bb De son c\u00f4t\u00e9, Vincent Pestieaux, co-pr\u00e9sident de la FUNOC et secr\u00e9taire r\u00e9gional de la FGTB \u00e0 Charleroi, compl\u00e8te en expliquant que&nbsp;: \u00ab&nbsp;<em>La cr\u00e8che de la digue est \u00e0 la fois l\u2019\u00e9manation et une parfaite repr\u00e9sentation du dispositif&nbsp;global que les mouvements ouvriers tendent \u00e0 impl\u00e9menter au paysage carolo \u00e0 travers la FUNOC (notamment). Cette volont\u00e9 est de contribuer \u00e0 la d\u00e9mocratisation de l&rsquo;enseignement et \u00e0 la transformation de la soci\u00e9t\u00e9 en amenant les form\u00e9s (ici les stagiaires) \u00e0 prendre clairement conscience de leur place au sein de la soci\u00e9t\u00e9 et \u00e0 d\u00e9velopper une action collective en vue de modifier les conditions qui leur sont faites. Ceci \u00e0 travers une offre compl\u00e8te.<\/em>&nbsp;\u00bb<\/p>\n\n\n\n<p><strong>Equipe ultra motiv\u00e9e<\/strong><\/p>\n\n\n\n<p>Que pense l\u2019\u00e9quipe de ses nouveaux quartiers&nbsp;? Toutes se disent enchant\u00e9es et impatientes d\u2019accueillir leurs petits pensionnaires dans ces nouveaux locaux. Cette r\u00e9novation, elles l\u2019attendaient, comme nous le confie Isabelle, pu\u00e9ricultrice&nbsp;: <em>\u00ab&nbsp;La cr\u00e8che est bien plus adapt\u00e9e \u00e0 nos besoins et \u00e0 ceux des enfants. Le dortoir ouvert est bien plus s\u00e9curisant, la cuisine plus fonctionnelle et l\u2019accueil des parents d\u2019autant plus facilit\u00e9 par le nouvel espace d\u2019entr\u00e9e&nbsp;<\/em>\u00bb. De son c\u00f4t\u00e9, le directeur de la cr\u00e8che, Justin Theisman, se r\u00e9jouit que&nbsp;: \u00ab&nbsp;<em>Ces travaux ont \u00e9t\u00e9, pour la cr\u00e8che, l&rsquo;occasion de se mettre aux normes vis-\u00e0-vis des diff\u00e9rentes r\u00e9glementations ONE, afin de garantir un accueil de qualit\u00e9, ainsi que des espaces adapt\u00e9s et s\u00e9curis\u00e9s \u00e0 l&rsquo;encadrement des enfants accueillis. Cette mise en conformit\u00e9 va nous permettre de travailler encore plus sereinement et de mani\u00e8re encore plus efficace et pertinente qu\u2019auparavant.<\/em>&nbsp;\u00bb<\/p>\n\n\n\n<p><strong>Si vous souhaitez vous-m\u00eame venir visiter \u00ab&nbsp;Les Dj\u00f4nes de la Digue&nbsp;\u00bb et rencontrer nos \u00e9quipes, RDV le 12 mars de 9h \u00e0 12h pour notre matin\u00e9e d\u2019inauguration. Un verre sera offert \u2026uniquement servi au biberon&nbsp;<\/strong><strong>\ud83d\ude0a<\/strong><strong>.<\/strong><\/p>\n","protected":false},"excerpt":{"rendered":"<p>La FUNOC est fi\u00e8re de vous annoncer l\u2019inauguration officielle de sa cr\u00e8che, enti\u00e8rement r\u00e9nov\u00e9e et repens\u00e9e. Vous la connaissez peut-\u00eatre sous le nom de \u00ab&nbsp;La Caravelle&nbsp;\u00bb, notre lieu d\u2019accueil de la Digue accueille en permanence une trentaine d\u2019enfants depuis plusieurs dizaines d\u2019ann\u00e9es. Ceci, afin de permettre \u00e0 leurs parents, stagiaires \u00e0 la FUNOC, de suivre [&hellip;]<\/p>\n","protected":false},"author":2,"featured_media":527,"comment_status":"open","ping_status":"open","sticky":false,"template":"","format":"standard","meta":{"footnotes":""},"categories":[9],"tags":[],"class_list":["post-526","post","type-post","status-publish","format-standard","has-post-thumbnail","hentry","category-evenement"],"yoast_head":"<!-- This site is optimized with the Yoast SEO plugin v21.4 - https:\/\/yoast.com\/wordpress\/plugins\/seo\/ -->\n<title>Inauguration de notre cr\u00e8che &quot;Les Dj\u00f4nes de la Digue&quot; - Funoc<\/title>\n<meta name=\"robots\" content=\"index, follow, max-snippet:-1, max-image-preview:large, max-video-preview:-1\" \/>\n<link rel=\"canonical\" href=\"https:\/\/funoc.be\/?p=526\" \/>\n<meta property=\"og:locale\" content=\"fr_FR\" \/>\n<meta property=\"og:type\" content=\"article\" \/>\n<meta property=\"og:title\" content=\"Inauguration de notre cr\u00e8che &quot;Les Dj\u00f4nes de la Digue&quot; - Funoc\" \/>\n<meta property=\"og:description\" content=\"La FUNOC est fi\u00e8re de vous annoncer l\u2019inauguration officielle de sa cr\u00e8che, enti\u00e8rement r\u00e9nov\u00e9e et repens\u00e9e. Vous la connaissez peut-\u00eatre sous le nom de \u00ab&nbsp;La Caravelle&nbsp;\u00bb, notre lieu d\u2019accueil de la Digue accueille en permanence une trentaine d\u2019enfants depuis plusieurs dizaines d\u2019ann\u00e9es. Ceci, afin de permettre \u00e0 leurs parents, stagiaires \u00e0 la FUNOC, de suivre [&hellip;]\" \/>\n<meta property=\"og:url\" content=\"https:\/\/funoc.be\/?p=526\" \/>\n<meta property=\"og:site_name\" content=\"Funoc\" \/>\n<meta property=\"article:publisher\" content=\"https:\/\/www.facebook.com\/la.funoc\" \/>\n<meta property=\"article:published_time\" content=\"2025-03-10T09:32:48+00:00\" \/>\n<meta property=\"og:image\" content=\"https:\/\/funoc.be\/wp-content\/uploads\/2025\/03\/creche_funoc_djones_digue.png\" \/>\n\t<meta property=\"og:image:width\" content=\"1200\" \/>\n\t<meta property=\"og:image:height\" content=\"838\" \/>\n\t<meta property=\"og:image:type\" content=\"image\/png\" \/>\n<meta name=\"author\" content=\"J\u00e9r\u00e9my DEMEURE\" \/>\n<meta name=\"twitter:card\" content=\"summary_large_image\" \/>\n<meta name=\"twitter:label1\" content=\"\u00c9crit par\" \/>\n\t<meta name=\"twitter:data1\" content=\"J\u00e9r\u00e9my DEMEURE\" \/>\n\t<meta name=\"twitter:label2\" content=\"Dur\u00e9e de lecture estim\u00e9e\" \/>\n\t<meta name=\"twitter:data2\" content=\"5 minutes\" \/>\n<script type=\"application\/ld+json\" class=\"yoast-schema-graph\">{\"@context\":\"https:\/\/schema.org\",\"@graph\":[{\"@type\":\"Article\",\"@id\":\"https:\/\/funoc.be\/?p=526#article\",\"isPartOf\":{\"@id\":\"https:\/\/funoc.be\/?p=526\"},\"author\":{\"name\":\"J\u00e9r\u00e9my DEMEURE\",\"@id\":\"https:\/\/funoc.be\/#\/schema\/person\/92ed94b13a76e14a5f0c27a18f10ed7f\"},\"headline\":\"Inauguration de notre cr\u00e8che \u00ab\u00a0Les Dj\u00f4nes de la Digue\u00a0\u00bb\",\"datePublished\":\"2025-03-10T09:32:48+00:00\",\"dateModified\":\"2025-03-10T09:32:48+00:00\",\"mainEntityOfPage\":{\"@id\":\"https:\/\/funoc.be\/?p=526\"},\"wordCount\":1029,\"commentCount\":0,\"publisher\":{\"@id\":\"https:\/\/funoc.be\/#organization\"},\"articleSection\":[\"\u00e9v\u00e9nement\"],\"inLanguage\":\"fr-FR\",\"potentialAction\":[{\"@type\":\"CommentAction\",\"name\":\"Comment\",\"target\":[\"https:\/\/funoc.be\/?p=526#respond\"]}]},{\"@type\":\"WebPage\",\"@id\":\"https:\/\/funoc.be\/?p=526\",\"url\":\"https:\/\/funoc.be\/?p=526\",\"name\":\"Inauguration de notre cr\u00e8che \\\"Les Dj\u00f4nes de la Digue\\\" - Funoc\",\"isPartOf\":{\"@id\":\"https:\/\/funoc.be\/#website\"},\"datePublished\":\"2025-03-10T09:32:48+00:00\",\"dateModified\":\"2025-03-10T09:32:48+00:00\",\"breadcrumb\":{\"@id\":\"https:\/\/funoc.be\/?p=526#breadcrumb\"},\"inLanguage\":\"fr-FR\",\"potentialAction\":[{\"@type\":\"ReadAction\",\"target\":[\"https:\/\/funoc.be\/?p=526\"]}]},{\"@type\":\"BreadcrumbList\",\"@id\":\"https:\/\/funoc.be\/?p=526#breadcrumb\",\"itemListElement\":[{\"@type\":\"ListItem\",\"position\":1,\"name\":\"Accueil\",\"item\":\"https:\/\/funoc.be\/\"},{\"@type\":\"ListItem\",\"position\":2,\"name\":\"Inauguration de notre cr\u00e8che \u00ab\u00a0Les Dj\u00f4nes de la Digue\u00a0\u00bb\"}]},{\"@type\":\"WebSite\",\"@id\":\"https:\/\/funoc.be\/#website\",\"url\":\"https:\/\/funoc.be\/\",\"name\":\"FUNOC : la formation \u00e0 Charleroi\",\"description\":\"La formation, c&#039;est FUN&#039; OK ?\",\"publisher\":{\"@id\":\"https:\/\/funoc.be\/#organization\"},\"potentialAction\":[{\"@type\":\"SearchAction\",\"target\":{\"@type\":\"EntryPoint\",\"urlTemplate\":\"https:\/\/funoc.be\/?s={search_term_string}\"},\"query-input\":\"required name=search_term_string\"}],\"inLanguage\":\"fr-FR\"},{\"@type\":\"Organization\",\"@id\":\"https:\/\/funoc.be\/#organization\",\"name\":\"FUNOC : la formation \u00e0 Charleroi\",\"url\":\"https:\/\/funoc.be\/\",\"logo\":{\"@type\":\"ImageObject\",\"inLanguage\":\"fr-FR\",\"@id\":\"https:\/\/funoc.be\/#\/schema\/logo\/image\/\",\"url\":\"https:\/\/funoc.be\/wp-content\/uploads\/2023\/10\/funoc_logo_positif_sansfond_900X900_72pdi.png\",\"contentUrl\":\"https:\/\/funoc.be\/wp-content\/uploads\/2023\/10\/funoc_logo_positif_sansfond_900X900_72pdi.png\",\"width\":900,\"height\":900,\"caption\":\"FUNOC : la formation \u00e0 Charleroi\"},\"image\":{\"@id\":\"https:\/\/funoc.be\/#\/schema\/logo\/image\/\"},\"sameAs\":[\"https:\/\/www.facebook.com\/la.funoc\"]},{\"@type\":\"Person\",\"@id\":\"https:\/\/funoc.be\/#\/schema\/person\/92ed94b13a76e14a5f0c27a18f10ed7f\",\"name\":\"J\u00e9r\u00e9my DEMEURE\",\"image\":{\"@type\":\"ImageObject\",\"inLanguage\":\"fr-FR\",\"@id\":\"https:\/\/funoc.be\/#\/schema\/person\/image\/\",\"url\":\"https:\/\/secure.gravatar.com\/avatar\/6ff444e22e794e67085e0f992f14b140b7decea96242b0abecfb09de2af87488?s=96&d=mm&r=g\",\"contentUrl\":\"https:\/\/secure.gravatar.com\/avatar\/6ff444e22e794e67085e0f992f14b140b7decea96242b0abecfb09de2af87488?s=96&d=mm&r=g\",\"caption\":\"J\u00e9r\u00e9my DEMEURE\"},\"url\":\"https:\/\/funoc.be\/?author=2\"}]}<\/script>\n<!-- \/ Yoast SEO plugin. -->","yoast_head_json":{"title":"Inauguration de notre cr\u00e8che \"Les Dj\u00f4nes de la Digue\" - Funoc","robots":{"index":"index","follow":"follow","max-snippet":"max-snippet:-1","max-image-preview":"max-image-preview:large","max-video-preview":"max-video-preview:-1"},"canonical":"https:\/\/funoc.be\/?p=526","og_locale":"fr_FR","og_type":"article","og_title":"Inauguration de notre cr\u00e8che \"Les Dj\u00f4nes de la Digue\" - Funoc","og_description":"La FUNOC est fi\u00e8re de vous annoncer l\u2019inauguration officielle de sa cr\u00e8che, enti\u00e8rement r\u00e9nov\u00e9e et repens\u00e9e. Vous la connaissez peut-\u00eatre sous le nom de \u00ab&nbsp;La Caravelle&nbsp;\u00bb, notre lieu d\u2019accueil de la Digue accueille en permanence une trentaine d\u2019enfants depuis plusieurs dizaines d\u2019ann\u00e9es. Ceci, afin de permettre \u00e0 leurs parents, stagiaires \u00e0 la FUNOC, de suivre [&hellip;]","og_url":"https:\/\/funoc.be\/?p=526","og_site_name":"Funoc","article_publisher":"https:\/\/www.facebook.com\/la.funoc","article_published_time":"2025-03-10T09:32:48+00:00","og_image":[{"width":1200,"height":838,"url":"https:\/\/funoc.be\/wp-content\/uploads\/2025\/03\/creche_funoc_djones_digue.png","type":"image\/png"}],"author":"J\u00e9r\u00e9my DEMEURE","twitter_card":"summary_large_image","twitter_misc":{"\u00c9crit par":"J\u00e9r\u00e9my DEMEURE","Dur\u00e9e de lecture estim\u00e9e":"5 minutes"},"schema":{"@context":"https:\/\/schema.org","@graph":[{"@type":"Article","@id":"https:\/\/funoc.be\/?p=526#article","isPartOf":{"@id":"https:\/\/funoc.be\/?p=526"},"author":{"name":"J\u00e9r\u00e9my DEMEURE","@id":"https:\/\/funoc.be\/#\/schema\/person\/92ed94b13a76e14a5f0c27a18f10ed7f"},"headline":"Inauguration de notre cr\u00e8che \u00ab\u00a0Les Dj\u00f4nes de la Digue\u00a0\u00bb","datePublished":"2025-03-10T09:32:48+00:00","dateModified":"2025-03-10T09:32:48+00:00","mainEntityOfPage":{"@id":"https:\/\/funoc.be\/?p=526"},"wordCount":1029,"commentCount":0,"publisher":{"@id":"https:\/\/funoc.be\/#organization"},"articleSection":["\u00e9v\u00e9nement"],"inLanguage":"fr-FR","potentialAction":[{"@type":"CommentAction","name":"Comment","target":["https:\/\/funoc.be\/?p=526#respond"]}]},{"@type":"WebPage","@id":"https:\/\/funoc.be\/?p=526","url":"https:\/\/funoc.be\/?p=526","name":"Inauguration de notre cr\u00e8che \"Les Dj\u00f4nes de la Digue\" - Funoc","isPartOf":{"@id":"https:\/\/funoc.be\/#website"},"datePublished":"2025-03-10T09:32:48+00:00","dateModified":"2025-03-10T09:32:48+00:00","breadcrumb":{"@id":"https:\/\/funoc.be\/?p=526#breadcrumb"},"inLanguage":"fr-FR","potentialAction":[{"@type":"ReadAction","target":["https:\/\/funoc.be\/?p=526"]}]},{"@type":"BreadcrumbList","@id":"https:\/\/funoc.be\/?p=526#breadcrumb","itemListElement":[{"@type":"ListItem","position":1,"name":"Accueil","item":"https:\/\/funoc.be\/"},{"@type":"ListItem","position":2,"name":"Inauguration de notre cr\u00e8che \u00ab\u00a0Les Dj\u00f4nes de la Digue\u00a0\u00bb"}]},{"@type":"WebSite","@id":"https:\/\/funoc.be\/#website","url":"https:\/\/funoc.be\/","name":"FUNOC : la formation \u00e0 Charleroi","description":"La formation, c&#039;est FUN&#039; OK ?","publisher":{"@id":"https:\/\/funoc.be\/#organization"},"potentialAction":[{"@type":"SearchAction","target":{"@type":"EntryPoint","urlTemplate":"https:\/\/funoc.be\/?s={search_term_string}"},"query-input":"required name=search_term_string"}],"inLanguage":"fr-FR"},{"@type":"Organization","@id":"https:\/\/funoc.be\/#organization","name":"FUNOC : la formation \u00e0 Charleroi","url":"https:\/\/funoc.be\/","logo":{"@type":"ImageObject","inLanguage":"fr-FR","@id":"https:\/\/funoc.be\/#\/schema\/logo\/image\/","url":"https:\/\/funoc.be\/wp-content\/uploads\/2023\/10\/funoc_logo_positif_sansfond_900X900_72pdi.png","contentUrl":"https:\/\/funoc.be\/wp-content\/uploads\/2023\/10\/funoc_logo_positif_sansfond_900X900_72pdi.png","width":900,"height":900,"caption":"FUNOC : la formation \u00e0 Charleroi"},"image":{"@id":"https:\/\/funoc.be\/#\/schema\/logo\/image\/"},"sameAs":["https:\/\/www.facebook.com\/la.funoc"]},{"@type":"Person","@id":"https:\/\/funoc.be\/#\/schema\/person\/92ed94b13a76e14a5f0c27a18f10ed7f","name":"J\u00e9r\u00e9my DEMEURE","image":{"@type":"ImageObject","inLanguage":"fr-FR","@id":"https:\/\/funoc.be\/#\/schema\/person\/image\/","url":"https:\/\/secure.gravatar.com\/avatar\/6ff444e22e794e67085e0f992f14b140b7decea96242b0abecfb09de2af87488?s=96&d=mm&r=g","contentUrl":"https:\/\/secure.gravatar.com\/avatar\/6ff444e22e794e67085e0f992f14b140b7decea96242b0abecfb09de2af87488?s=96&d=mm&r=g","caption":"J\u00e9r\u00e9my DEMEURE"},"url":"https:\/\/funoc.be\/?author=2"}]}},"_links":{"self":[{"href":"https:\/\/funoc.be\/index.php?rest_route=\/wp\/v2\/posts\/526","targetHints":{"allow":["GET"]}}],"collection":[{"href":"https:\/\/funoc.be\/index.php?rest_route=\/wp\/v2\/posts"}],"about":[{"href":"https:\/\/funoc.be\/index.php?rest_route=\/wp\/v2\/types\/post"}],"author":[{"embeddable":true,"href":"https:\/\/funoc.be\/index.php?rest_route=\/wp\/v2\/users\/2"}],"replies":[{"embeddable":true,"href":"https:\/\/funoc.be\/index.php?rest_route=%2Fwp%2Fv2%2Fcomments&post=526"}],"version-history":[{"count":1,"href":"https:\/\/funoc.be\/index.php?rest_route=\/wp\/v2\/posts\/526\/revisions"}],"predecessor-version":[{"id":528,"href":"https:\/\/funoc.be\/index.php?rest_route=\/wp\/v2\/posts\/526\/revisions\/528"}],"wp:featuredmedia":[{"embeddable":true,"href":"https:\/\/funoc.be\/index.php?rest_route=\/wp\/v2\/media\/527"}],"wp:attachment":[{"href":"https:\/\/funoc.be\/index.php?rest_route=%2Fwp%2Fv2%2Fmedia&parent=526"}],"wp:term":[{"taxonomy":"category","embeddable":true,"href":"https:\/\/funoc.be\/index.php?rest_route=%2Fwp%2Fv2%2Fcategories&post=526"},{"taxonomy":"post_tag","embeddable":true,"href":"https:\/\/funoc.be\/index.php?rest_route=%2Fwp%2Fv2%2Ftags&post=526"}],"curies":[{"name":"wp","href":"https:\/\/api.w.org\/{rel}","templated":true}]}}